{"id":6604,"date":"2025-03-28T14:11:44","date_gmt":"2025-03-28T18:11:44","guid":{"rendered":"https:\/\/familleslussier.com\/annual-general-meeting-2025-at-the-sugar-shack\/"},"modified":"2025-12-28T06:38:38","modified_gmt":"2025-12-28T11:38:38","slug":"annual-general-meeting-2025-at-the-sugar-shack","status":"publish","type":"post","link":"https:\/\/familleslussier.com\/en\/annual-general-meeting-2025-at-the-sugar-shack\/","title":{"rendered":"Annual General Meeting 2025, at the sugar shack"},"content":{"rendered":"<p>[et_pb_section fb_built=&#8221;1&#8243; _builder_version=&#8221;4.23&#8243; _module_preset=&#8221;default&#8221; custom_padding=&#8221;3px|||||&#8221; global_colors_info=&#8221;{}&#8221; theme_builder_area=&#8221;post_content&#8221;][et_pb_row column_structure=&#8221;1_2,1_2&#8243; _builder_version=&#8221;4.23&#8243; _module_preset=&#8221;default&#8221; global_colors_info=&#8221;{}&#8221; theme_builder_area=&#8221;post_content&#8221;][et_pb_column type=&#8221;1_2&#8243; _builder_version=&#8221;4.23&#8243; _module_preset=&#8221;default&#8221; global_colors_info=&#8221;{}&#8221; theme_builder_area=&#8221;post_content&#8221;][et_pb_image src=&#8221;https:\/\/familleslussier.com\/wp-content\/uploads\/2025\/03\/2025-25-03-publicite-cabane-a-sucre-web.jpg&#8221; alt=&#8221;Open House invitation&#8221; title_text=&#8221;2025-25-03_Publicit\u00e9-cabane-\u00e0-sucre_web&#8221; show_in_lightbox=&#8221;on&#8221; _builder_version=&#8221;4.27.4&#8243; _module_preset=&#8221;default&#8221; hover_enabled=&#8221;0&#8243; global_colors_info=&#8221;{}&#8221; theme_builder_area=&#8221;post_content&#8221; sticky_enabled=&#8221;0&#8243;][\/et_pb_image][\/et_pb_column][et_pb_column type=&#8221;1_2&#8243; _builder_version=&#8221;4.23&#8243; _module_preset=&#8221;default&#8221; global_colors_info=&#8221;{}&#8221; theme_builder_area=&#8221;post_content&#8221;][et_pb_text _builder_version=&#8221;4.27.4&#8243; _module_preset=&#8221;default&#8221; hover_enabled=&#8221;0&#8243; global_colors_info=&#8221;{}&#8221; theme_builder_area=&#8221;post_content&#8221; sticky_enabled=&#8221;0&#8243; header_3_line_height=&#8221;1.4em&#8221;]<\/p>\n<h3>It&#8217;s time for the Association&#8217;s Annual General Meeting, and it&#8217;s sugaring-off time.<\/h3>\n<p><strong>We renew our invitation to the Chalet de l&#8217;\u00e9rable sugar shack to end the season on a high note!<\/p>\n<p>May 3, 2025, 10 a.m.<br \/>\nChalet de l&#8217;\u00c9rable 20, rue de la Citadelle<br \/>\nSaint-Paul-d&#8217; Abbotsford (Qu\u00e9bec) J0E 1A0<\/strong><\/p>\n<hr>\n<p>On the menu: the AGM, the launch of the Le Parisien newsletter and a talk on family archives by Anne-Marie Charuest.<\/p>\n<p>Registration required before April 20, 2025. Payment on site. We look forward to seeing you there.   Open to all!<\/p>\n<p><b>REGISTRATIONS :  <\/b><\/p>\n<p><i><a href=\"mailto:info@familleslussier.com\">info@familleslussier.com<\/a><\/i><\/p>\n<p><strong>Phone : 450 985-0702<\/strong>[\/et_pb_text][\/et_pb_column][\/et_pb_row][et_pb_row _builder_version=&#8221;4.27.4&#8243; _module_preset=&#8221;default&#8221; theme_builder_area=&#8221;post_content&#8221;][et_pb_column _builder_version=&#8221;4.27.4&#8243; _module_preset=&#8221;default&#8221; type=&#8221;4_4&#8243; theme_builder_area=&#8221;post_content&#8221;][et_pb_text _builder_version=&#8221;4.27.4&#8243; _module_preset=&#8221;default&#8221; theme_builder_area=&#8221;post_content&#8221; hover_enabled=&#8221;0&#8243; sticky_enabled=&#8221;0&#8243;]<\/p>\n<h3>Your family archives &#8211; Memories, treasures<\/h3>\n<p>Aimed at anyone with a personal archive &#8211; everyday documents, old family papers or photographic albums &#8211; the conference will help you determine what&#8217;s worth keeping and, above all, how to ensure that it&#8217;s properly preserved. We&#8217;ll talk mainly about paper documents, but we&#8217;ll also look at digital documents. Your family archives are treasures to be preserved as a testimony to our collective history.  <\/p>\n<p>Anne-Marie Charuest holds a master&#8217;s degree in archival science and has been working professionally with historical archives since 2003. After working at the Centre d&#8217;histoire de Saint-Hyacinthe in the early 2010s, she has now been in charge of the archives department at the Mus\u00e9e Lac-Brome in the Eastern Townships for 5 years. In 2020, she published two books devoted to the archival and photographic treasures of the Beloeil &#8211; Mont-Saint-Hilaire and Saint-Hyacinthe regions.Open to all!  <\/p>\n<p>&nbsp;<\/p>\n<p>[\/et_pb_text][\/et_pb_column][\/et_pb_row][\/et_pb_section]<\/p>\n","protected":false},"excerpt":{"rendered":"<p>It&#8217;s time for the Association&#8217;s Annual General Meeting, and it&#8217;s sugaring-off time. We renew our invitation to the Chalet de l&#8217;\u00e9rable sugar shack to end the season on a high note! May 3, 2025, 10 a.m. Chalet de l&#8217;\u00c9rable 20, rue de la Citadelle Saint-Paul-d&#8217; Abbotsford (Qu\u00e9bec) J0E 1A0 On the menu: the AGM, the [&hellip;]<\/p>\n","protected":false},"author":2,"featured_media":0,"comment_status":"open","ping_status":"open","sticky":false,"template":"","format":"standard","meta":{"_et_pb_use_builder":"on","_et_pb_old_content":"","_et_gb_content_width":"","inline_featured_image":false,"om_disable_all_campaigns":false,"_monsterinsights_skip_tracking":false,"_monsterinsights_sitenote_active":false,"_monsterinsights_sitenote_note":"","_monsterinsights_sitenote_category":0,"footnotes":""},"categories":[44],"tags":[],"class_list":["post-6604","post","type-post","status-publish","format-standard","hentry","category-gatherings"],"aioseo_notices":[],"_links":{"self":[{"href":"https:\/\/familleslussier.com\/en\/wp-json\/wp\/v2\/posts\/6604","targetHints":{"allow":["GET"]}}],"collection":[{"href":"https:\/\/familleslussier.com\/en\/wp-json\/wp\/v2\/posts"}],"about":[{"href":"https:\/\/familleslussier.com\/en\/wp-json\/wp\/v2\/types\/post"}],"author":[{"embeddable":true,"href":"https:\/\/familleslussier.com\/en\/wp-json\/wp\/v2\/users\/2"}],"replies":[{"embeddable":true,"href":"https:\/\/familleslussier.com\/en\/wp-json\/wp\/v2\/comments?post=6604"}],"version-history":[{"count":9,"href":"https:\/\/familleslussier.com\/en\/wp-json\/wp\/v2\/posts\/6604\/revisions"}],"predecessor-version":[{"id":6631,"href":"https:\/\/familleslussier.com\/en\/wp-json\/wp\/v2\/posts\/6604\/revisions\/6631"}],"wp:attachment":[{"href":"https:\/\/familleslussier.com\/en\/wp-json\/wp\/v2\/media?parent=6604"}],"wp:term":[{"taxonomy":"category","embeddable":true,"href":"https:\/\/familleslussier.com\/en\/wp-json\/wp\/v2\/categories?post=6604"},{"taxonomy":"post_tag","embeddable":true,"href":"https:\/\/familleslussier.com\/en\/wp-json\/wp\/v2\/tags?post=6604"}],"curies":[{"name":"wp","href":"https:\/\/api.w.org\/{rel}","templated":true}]}}